{"id":876,"date":"2021-05-18T17:00:00","date_gmt":"2021-05-18T17:00:00","guid":{"rendered":"https:\/\/sustainablegrowthprojects.com\/?p=876"},"modified":"2021-09-25T08:19:48","modified_gmt":"2021-09-25T08:19:48","slug":"die-gruendung-unseres-vereins","status":"publish","type":"post","link":"https:\/\/sustainablegrowthprojects.com\/en\/news\/die-gruendung-unseres-vereins\/","title":{"rendered":"What motivated us to found the association?"},"content":{"rendered":"<p>The intention of the foundation was and is to create sustainable added value for people of the countries of the Global South and thus to contribute to increasing equal opportunities.<br><br>Our goal is to reduce structural inequalities, enable help for self-help and support local partners in case of individual needs.<br><br>Our vision is to have a positive impact on the lives of people in economically weaker regions and thus help them to improve their living conditions through their own efforts.<br>As naive as it may sound at first, we dream of a world with equal opportunities for all - how great would that be?<br><br>Access to education, clean water and a functioning infrastructure, regardless of whether you live in Cuba, Congo, Togo or Ghana. In these and many other countries of the Global South, many people do not have this opportunity for a self-determined life.<\/p>\n\n\n\n<p><br>We know that this is a powerful dream, but we have chosen to carry it and also to realize it with all the possible resources that are available to us as a young association.<br>However, we also know that this requires the cooperation of ALL of us. If not from today, then when?<br>If you too would like to carry this dream with us in the future, then get in touch with us and we will show you the different forms of support we can offer you or click immediately to our current <a href=\"https:\/\/sustainablegrowthprojects.com\/en\/projekte\/\">Projects<\/a> and support us financially in their realization. <\/p>\n\n\n\n<p><br>Your SGP e. V. Team<\/p>","protected":false},"excerpt":{"rendered":"<p>Die Intention der Gr\u00fcndung war und ist, einen nachhaltigen Mehrwert f\u00fcr Menschen der L\u00e4nder des Globalen S\u00fcdens zu schaffen und somit einen Beitrag zur Steigerung der Chancengleichheit zu leisten. Unser Ziel ist es, die strukturellen Ungleichheiten zu verringern, Hilfe zur Selbsthilfe zu erm\u00f6glichen und bei individuellem Bedarf die Partner vor Ort zu unterst\u00fctzen. Unsere Vision [&hellip;]<\/p>\n","protected":false},"author":1,"featured_media":878,"comment_status":"open","ping_status":"open","sticky":false,"template":"","format":"standard","meta":{"footnotes":""},"categories":[7],"tags":[29,25,20,22,27,26],"class_list":["post-876","post","type-post","status-publish","format-standard","has-post-thumbnail","hentry","category-sgp-news","tag-chancengleichheit","tag-projekte-foerdern","tag-sgp","tag-sozial","tag-spenden","tag-zusammenarbeit"],"yoast_head":"<!-- This site is optimized with the Yoast SEO plugin v27.4 - https:\/\/yoast.com\/product\/yoast-seo-wordpress\/ -->\n<title>Was hat uns bewegt den Verein zu gr\u00fcnden? - Sustainable Growth Projects e.V.<\/title>\n<meta name=\"description\" content=\"Wie kam es zur Gr\u00fcndung von SGP e.V.? Unsere Intention, unsere Ziele und unsere Vision.\" \/>\n<meta name=\"robots\" content=\"index, follow, max-snippet:-1, max-image-preview:large, max-video-preview:-1\" \/>\n<link rel=\"canonical\" href=\"https:\/\/sustainablegrowthprojects.com\/en\/news\/die-gruendung-unseres-vereins\/\" \/>\n<meta property=\"og:locale\" content=\"en_US\" \/>\n<meta property=\"og:type\" content=\"article\" \/>\n<meta property=\"og:title\" content=\"Was hat uns bewegt den Verein zu gr\u00fcnden? - Sustainable Growth Projects e.V.\" \/>\n<meta property=\"og:description\" content=\"Wie kam es zur Gr\u00fcndung von SGP e.V.? Unsere Intention, unsere Ziele und unsere Vision.\" \/>\n<meta property=\"og:url\" content=\"https:\/\/sustainablegrowthprojects.com\/en\/news\/die-gruendung-unseres-vereins\/\" \/>\n<meta property=\"og:site_name\" content=\"Sustainable Growth Projects e.V.\" \/>\n<meta property=\"article:publisher\" content=\"https:\/\/www.facebook.com\/SustainableGrowthProjects\/\" \/>\n<meta property=\"article:published_time\" content=\"2021-05-18T17:00:00+00:00\" \/>\n<meta property=\"article:modified_time\" content=\"2021-09-25T08:19:48+00:00\" \/>\n<meta property=\"og:image\" content=\"https:\/\/sustainablegrowthprojects.com\/wp-content\/uploads\/2021\/05\/Design-ohne-Titel-1024x576.png\" \/>\n\t<meta property=\"og:image:width\" content=\"1024\" \/>\n\t<meta property=\"og:image:height\" content=\"576\" \/>\n\t<meta property=\"og:image:type\" content=\"image\/png\" \/>\n<meta name=\"author\" content=\"Sustainable Growth Projects\" \/>\n<meta name=\"twitter:card\" content=\"summary_large_image\" \/>\n<meta name=\"twitter:label1\" content=\"Written by\" \/>\n\t<meta name=\"twitter:data1\" content=\"Sustainable Growth Projects\" \/>\n\t<meta name=\"twitter:label2\" content=\"Est. reading time\" \/>\n\t<meta name=\"twitter:data2\" content=\"2 minutes\" \/>\n<script type=\"application\/ld+json\" class=\"yoast-schema-graph\">{\"@context\":\"https:\\\/\\\/schema.org\",\"@graph\":[{\"@type\":\"Article\",\"@id\":\"https:\\\/\\\/sustainablegrowthprojects.com\\\/news\\\/die-gruendung-unseres-vereins\\\/#article\",\"isPartOf\":{\"@id\":\"https:\\\/\\\/sustainablegrowthprojects.com\\\/news\\\/die-gruendung-unseres-vereins\\\/\"},\"author\":{\"name\":\"Sustainable Growth Projects\",\"@id\":\"https:\\\/\\\/sustainablegrowthprojects.com\\\/#\\\/schema\\\/person\\\/c4e7fc6c0739d4d80f2a541829a5dd13\"},\"headline\":\"Was hat uns bewegt den Verein zu gr\u00fcnden?\",\"datePublished\":\"2021-05-18T17:00:00+00:00\",\"dateModified\":\"2021-09-25T08:19:48+00:00\",\"mainEntityOfPage\":{\"@id\":\"https:\\\/\\\/sustainablegrowthprojects.com\\\/news\\\/die-gruendung-unseres-vereins\\\/\"},\"wordCount\":286,\"commentCount\":0,\"publisher\":{\"@id\":\"https:\\\/\\\/sustainablegrowthprojects.com\\\/#organization\"},\"image\":{\"@id\":\"https:\\\/\\\/sustainablegrowthprojects.com\\\/news\\\/die-gruendung-unseres-vereins\\\/#primaryimage\"},\"thumbnailUrl\":\"https:\\\/\\\/sustainablegrowthprojects.com\\\/wp-content\\\/uploads\\\/2021\\\/05\\\/Design-ohne-Titel.png\",\"keywords\":[\"Chancengleichheit\",\"Projekte f\u00f6rdern\",\"SGP\",\"sozial\",\"spenden\",\"Zusammenarbeit\"],\"articleSection\":[\"SGP News\"],\"inLanguage\":\"en-US\",\"potentialAction\":[{\"@type\":\"CommentAction\",\"name\":\"Comment\",\"target\":[\"https:\\\/\\\/sustainablegrowthprojects.com\\\/news\\\/die-gruendung-unseres-vereins\\\/#respond\"]}]},{\"@type\":\"WebPage\",\"@id\":\"https:\\\/\\\/sustainablegrowthprojects.com\\\/news\\\/die-gruendung-unseres-vereins\\\/\",\"url\":\"https:\\\/\\\/sustainablegrowthprojects.com\\\/news\\\/die-gruendung-unseres-vereins\\\/\",\"name\":\"Was hat uns bewegt den Verein zu gr\u00fcnden? - Sustainable Growth Projects e.V.\",\"isPartOf\":{\"@id\":\"https:\\\/\\\/sustainablegrowthprojects.com\\\/#website\"},\"primaryImageOfPage\":{\"@id\":\"https:\\\/\\\/sustainablegrowthprojects.com\\\/news\\\/die-gruendung-unseres-vereins\\\/#primaryimage\"},\"image\":{\"@id\":\"https:\\\/\\\/sustainablegrowthprojects.com\\\/news\\\/die-gruendung-unseres-vereins\\\/#primaryimage\"},\"thumbnailUrl\":\"https:\\\/\\\/sustainablegrowthprojects.com\\\/wp-content\\\/uploads\\\/2021\\\/05\\\/Design-ohne-Titel.png\",\"datePublished\":\"2021-05-18T17:00:00+00:00\",\"dateModified\":\"2021-09-25T08:19:48+00:00\",\"description\":\"Wie kam es zur Gr\u00fcndung von SGP e.V.? Unsere Intention, unsere Ziele und unsere Vision.\",\"breadcrumb\":{\"@id\":\"https:\\\/\\\/sustainablegrowthprojects.com\\\/news\\\/die-gruendung-unseres-vereins\\\/#breadcrumb\"},\"inLanguage\":\"en-US\",\"potentialAction\":[{\"@type\":\"ReadAction\",\"target\":[\"https:\\\/\\\/sustainablegrowthprojects.com\\\/news\\\/die-gruendung-unseres-vereins\\\/\"]}]},{\"@type\":\"ImageObject\",\"inLanguage\":\"en-US\",\"@id\":\"https:\\\/\\\/sustainablegrowthprojects.com\\\/news\\\/die-gruendung-unseres-vereins\\\/#primaryimage\",\"url\":\"https:\\\/\\\/sustainablegrowthprojects.com\\\/wp-content\\\/uploads\\\/2021\\\/05\\\/Design-ohne-Titel.png\",\"contentUrl\":\"https:\\\/\\\/sustainablegrowthprojects.com\\\/wp-content\\\/uploads\\\/2021\\\/05\\\/Design-ohne-Titel.png\",\"width\":1920,\"height\":1080},{\"@type\":\"BreadcrumbList\",\"@id\":\"https:\\\/\\\/sustainablegrowthprojects.com\\\/news\\\/die-gruendung-unseres-vereins\\\/#breadcrumb\",\"itemListElement\":[{\"@type\":\"ListItem\",\"position\":1,\"name\":\"Startseite\",\"item\":\"https:\\\/\\\/sustainablegrowthprojects.com\\\/\"},{\"@type\":\"ListItem\",\"position\":2,\"name\":\"Was hat uns bewegt den Verein zu gr\u00fcnden?\"}]},{\"@type\":\"WebSite\",\"@id\":\"https:\\\/\\\/sustainablegrowthprojects.com\\\/#website\",\"url\":\"https:\\\/\\\/sustainablegrowthprojects.com\\\/\",\"name\":\"Sustainable Growth Projects e.V.\",\"description\":\"\u00a9 Sustainable Growth Projects e.V.\",\"publisher\":{\"@id\":\"https:\\\/\\\/sustainablegrowthprojects.com\\\/#organization\"},\"potentialAction\":[{\"@type\":\"SearchAction\",\"target\":{\"@type\":\"EntryPoint\",\"urlTemplate\":\"https:\\\/\\\/sustainablegrowthprojects.com\\\/?s={search_term_string}\"},\"query-input\":{\"@type\":\"PropertyValueSpecification\",\"valueRequired\":true,\"valueName\":\"search_term_string\"}}],\"inLanguage\":\"en-US\"},{\"@type\":\"Organization\",\"@id\":\"https:\\\/\\\/sustainablegrowthprojects.com\\\/#organization\",\"name\":\"Sustainable Growth Projects e.V.\",\"url\":\"https:\\\/\\\/sustainablegrowthprojects.com\\\/\",\"logo\":{\"@type\":\"ImageObject\",\"inLanguage\":\"en-US\",\"@id\":\"https:\\\/\\\/sustainablegrowthprojects.com\\\/#\\\/schema\\\/logo\\\/image\\\/\",\"url\":\"https:\\\/\\\/sustainablegrowthprojects.com\\\/wp-content\\\/uploads\\\/2020\\\/03\\\/SGP-Logo.svg\",\"contentUrl\":\"https:\\\/\\\/sustainablegrowthprojects.com\\\/wp-content\\\/uploads\\\/2020\\\/03\\\/SGP-Logo.svg\",\"width\":494,\"height\":169,\"caption\":\"Sustainable Growth Projects e.V.\"},\"image\":{\"@id\":\"https:\\\/\\\/sustainablegrowthprojects.com\\\/#\\\/schema\\\/logo\\\/image\\\/\"},\"sameAs\":[\"https:\\\/\\\/www.facebook.com\\\/SustainableGrowthProjects\\\/\",\"https:\\\/\\\/www.instagram.com\\\/sustainablegrowthprojects\\\/\",\"https:\\\/\\\/www.linkedin.com\\\/company\\\/sustainable-growth-projects-e-v\\\/\"]},{\"@type\":\"Person\",\"@id\":\"https:\\\/\\\/sustainablegrowthprojects.com\\\/#\\\/schema\\\/person\\\/c4e7fc6c0739d4d80f2a541829a5dd13\",\"name\":\"Sustainable Growth Projects\",\"image\":{\"@type\":\"ImageObject\",\"inLanguage\":\"en-US\",\"@id\":\"https:\\\/\\\/secure.gravatar.com\\\/avatar\\\/9c834ad003646e20cd5aac7430543c758f48aea665204a76087e5a266e604acf?s=96&d=mm&r=g\",\"url\":\"https:\\\/\\\/secure.gravatar.com\\\/avatar\\\/9c834ad003646e20cd5aac7430543c758f48aea665204a76087e5a266e604acf?s=96&d=mm&r=g\",\"contentUrl\":\"https:\\\/\\\/secure.gravatar.com\\\/avatar\\\/9c834ad003646e20cd5aac7430543c758f48aea665204a76087e5a266e604acf?s=96&d=mm&r=g\",\"caption\":\"Sustainable Growth Projects\"},\"url\":\"https:\\\/\\\/sustainablegrowthprojects.com\\\/en\\\/news\\\/author\\\/sustainablegrowthprojects\\\/\"}]}<\/script>\n<!-- \/ Yoast SEO plugin. -->","yoast_head_json":{"title":"Was hat uns bewegt den Verein zu gr\u00fcnden? - Sustainable Growth Projects e.V.","description":"Wie kam es zur Gr\u00fcndung von SGP e.V.? Unsere Intention, unsere Ziele und unsere Vision.","robots":{"index":"index","follow":"follow","max-snippet":"max-snippet:-1","max-image-preview":"max-image-preview:large","max-video-preview":"max-video-preview:-1"},"canonical":"https:\/\/sustainablegrowthprojects.com\/en\/news\/die-gruendung-unseres-vereins\/","og_locale":"en_US","og_type":"article","og_title":"Was hat uns bewegt den Verein zu gr\u00fcnden? - Sustainable Growth Projects e.V.","og_description":"Wie kam es zur Gr\u00fcndung von SGP e.V.? Unsere Intention, unsere Ziele und unsere Vision.","og_url":"https:\/\/sustainablegrowthprojects.com\/en\/news\/die-gruendung-unseres-vereins\/","og_site_name":"Sustainable Growth Projects e.V.","article_publisher":"https:\/\/www.facebook.com\/SustainableGrowthProjects\/","article_published_time":"2021-05-18T17:00:00+00:00","article_modified_time":"2021-09-25T08:19:48+00:00","og_image":[{"width":1024,"height":576,"url":"https:\/\/sustainablegrowthprojects.com\/wp-content\/uploads\/2021\/05\/Design-ohne-Titel-1024x576.png","type":"image\/png"}],"author":"Sustainable Growth Projects","twitter_card":"summary_large_image","twitter_misc":{"Written by":"Sustainable Growth Projects","Est. reading time":"2 minutes"},"schema":{"@context":"https:\/\/schema.org","@graph":[{"@type":"Article","@id":"https:\/\/sustainablegrowthprojects.com\/news\/die-gruendung-unseres-vereins\/#article","isPartOf":{"@id":"https:\/\/sustainablegrowthprojects.com\/news\/die-gruendung-unseres-vereins\/"},"author":{"name":"Sustainable Growth Projects","@id":"https:\/\/sustainablegrowthprojects.com\/#\/schema\/person\/c4e7fc6c0739d4d80f2a541829a5dd13"},"headline":"Was hat uns bewegt den Verein zu gr\u00fcnden?","datePublished":"2021-05-18T17:00:00+00:00","dateModified":"2021-09-25T08:19:48+00:00","mainEntityOfPage":{"@id":"https:\/\/sustainablegrowthprojects.com\/news\/die-gruendung-unseres-vereins\/"},"wordCount":286,"commentCount":0,"publisher":{"@id":"https:\/\/sustainablegrowthprojects.com\/#organization"},"image":{"@id":"https:\/\/sustainablegrowthprojects.com\/news\/die-gruendung-unseres-vereins\/#primaryimage"},"thumbnailUrl":"https:\/\/sustainablegrowthprojects.com\/wp-content\/uploads\/2021\/05\/Design-ohne-Titel.png","keywords":["Chancengleichheit","Projekte f\u00f6rdern","SGP","sozial","spenden","Zusammenarbeit"],"articleSection":["SGP News"],"inLanguage":"en-US","potentialAction":[{"@type":"CommentAction","name":"Comment","target":["https:\/\/sustainablegrowthprojects.com\/news\/die-gruendung-unseres-vereins\/#respond"]}]},{"@type":"WebPage","@id":"https:\/\/sustainablegrowthprojects.com\/news\/die-gruendung-unseres-vereins\/","url":"https:\/\/sustainablegrowthprojects.com\/news\/die-gruendung-unseres-vereins\/","name":"Was hat uns bewegt den Verein zu gr\u00fcnden? - Sustainable Growth Projects e.V.","isPartOf":{"@id":"https:\/\/sustainablegrowthprojects.com\/#website"},"primaryImageOfPage":{"@id":"https:\/\/sustainablegrowthprojects.com\/news\/die-gruendung-unseres-vereins\/#primaryimage"},"image":{"@id":"https:\/\/sustainablegrowthprojects.com\/news\/die-gruendung-unseres-vereins\/#primaryimage"},"thumbnailUrl":"https:\/\/sustainablegrowthprojects.com\/wp-content\/uploads\/2021\/05\/Design-ohne-Titel.png","datePublished":"2021-05-18T17:00:00+00:00","dateModified":"2021-09-25T08:19:48+00:00","description":"Wie kam es zur Gr\u00fcndung von SGP e.V.? Unsere Intention, unsere Ziele und unsere Vision.","breadcrumb":{"@id":"https:\/\/sustainablegrowthprojects.com\/news\/die-gruendung-unseres-vereins\/#breadcrumb"},"inLanguage":"en-US","potentialAction":[{"@type":"ReadAction","target":["https:\/\/sustainablegrowthprojects.com\/news\/die-gruendung-unseres-vereins\/"]}]},{"@type":"ImageObject","inLanguage":"en-US","@id":"https:\/\/sustainablegrowthprojects.com\/news\/die-gruendung-unseres-vereins\/#primaryimage","url":"https:\/\/sustainablegrowthprojects.com\/wp-content\/uploads\/2021\/05\/Design-ohne-Titel.png","contentUrl":"https:\/\/sustainablegrowthprojects.com\/wp-content\/uploads\/2021\/05\/Design-ohne-Titel.png","width":1920,"height":1080},{"@type":"BreadcrumbList","@id":"https:\/\/sustainablegrowthprojects.com\/news\/die-gruendung-unseres-vereins\/#breadcrumb","itemListElement":[{"@type":"ListItem","position":1,"name":"Startseite","item":"https:\/\/sustainablegrowthprojects.com\/"},{"@type":"ListItem","position":2,"name":"Was hat uns bewegt den Verein zu gr\u00fcnden?"}]},{"@type":"WebSite","@id":"https:\/\/sustainablegrowthprojects.com\/#website","url":"https:\/\/sustainablegrowthprojects.com\/","name":"Sustainable Growth Projects e.V.","description":"\u00a9 Sustainable Growth Projects e.V.","publisher":{"@id":"https:\/\/sustainablegrowthprojects.com\/#organization"},"potentialAction":[{"@type":"SearchAction","target":{"@type":"EntryPoint","urlTemplate":"https:\/\/sustainablegrowthprojects.com\/?s={search_term_string}"},"query-input":{"@type":"PropertyValueSpecification","valueRequired":true,"valueName":"search_term_string"}}],"inLanguage":"en-US"},{"@type":"Organization","@id":"https:\/\/sustainablegrowthprojects.com\/#organization","name":"Sustainable Growth Projects e.V.","url":"https:\/\/sustainablegrowthprojects.com\/","logo":{"@type":"ImageObject","inLanguage":"en-US","@id":"https:\/\/sustainablegrowthprojects.com\/#\/schema\/logo\/image\/","url":"https:\/\/sustainablegrowthprojects.com\/wp-content\/uploads\/2020\/03\/SGP-Logo.svg","contentUrl":"https:\/\/sustainablegrowthprojects.com\/wp-content\/uploads\/2020\/03\/SGP-Logo.svg","width":494,"height":169,"caption":"Sustainable Growth Projects e.V."},"image":{"@id":"https:\/\/sustainablegrowthprojects.com\/#\/schema\/logo\/image\/"},"sameAs":["https:\/\/www.facebook.com\/SustainableGrowthProjects\/","https:\/\/www.instagram.com\/sustainablegrowthprojects\/","https:\/\/www.linkedin.com\/company\/sustainable-growth-projects-e-v\/"]},{"@type":"Person","@id":"https:\/\/sustainablegrowthprojects.com\/#\/schema\/person\/c4e7fc6c0739d4d80f2a541829a5dd13","name":"Sustainable Growth Projects","image":{"@type":"ImageObject","inLanguage":"en-US","@id":"https:\/\/secure.gravatar.com\/avatar\/9c834ad003646e20cd5aac7430543c758f48aea665204a76087e5a266e604acf?s=96&d=mm&r=g","url":"https:\/\/secure.gravatar.com\/avatar\/9c834ad003646e20cd5aac7430543c758f48aea665204a76087e5a266e604acf?s=96&d=mm&r=g","contentUrl":"https:\/\/secure.gravatar.com\/avatar\/9c834ad003646e20cd5aac7430543c758f48aea665204a76087e5a266e604acf?s=96&d=mm&r=g","caption":"Sustainable Growth Projects"},"url":"https:\/\/sustainablegrowthprojects.com\/en\/news\/author\/sustainablegrowthprojects\/"}]}},"_links":{"self":[{"href":"https:\/\/sustainablegrowthprojects.com\/en\/wp-json\/wp\/v2\/posts\/876","targetHints":{"allow":["GET"]}}],"collection":[{"href":"https:\/\/sustainablegrowthprojects.com\/en\/wp-json\/wp\/v2\/posts"}],"about":[{"href":"https:\/\/sustainablegrowthprojects.com\/en\/wp-json\/wp\/v2\/types\/post"}],"author":[{"embeddable":true,"href":"https:\/\/sustainablegrowthprojects.com\/en\/wp-json\/wp\/v2\/users\/1"}],"replies":[{"embeddable":true,"href":"https:\/\/sustainablegrowthprojects.com\/en\/wp-json\/wp\/v2\/comments?post=876"}],"version-history":[{"count":4,"href":"https:\/\/sustainablegrowthprojects.com\/en\/wp-json\/wp\/v2\/posts\/876\/revisions"}],"predecessor-version":[{"id":997,"href":"https:\/\/sustainablegrowthprojects.com\/en\/wp-json\/wp\/v2\/posts\/876\/revisions\/997"}],"wp:featuredmedia":[{"embeddable":true,"href":"https:\/\/sustainablegrowthprojects.com\/en\/wp-json\/wp\/v2\/media\/878"}],"wp:attachment":[{"href":"https:\/\/sustainablegrowthprojects.com\/en\/wp-json\/wp\/v2\/media?parent=876"}],"wp:term":[{"taxonomy":"category","embeddable":true,"href":"https:\/\/sustainablegrowthprojects.com\/en\/wp-json\/wp\/v2\/categories?post=876"},{"taxonomy":"post_tag","embeddable":true,"href":"https:\/\/sustainablegrowthprojects.com\/en\/wp-json\/wp\/v2\/tags?post=876"}],"curies":[{"name":"wp","href":"https:\/\/api.w.org\/{rel}","templated":true}]}}